{"id":25344,"date":"2023-01-28T12:51:41","date_gmt":"2023-01-28T17:51:41","guid":{"rendered":"https:\/\/crc.umontreal.ca\/?p=25344"},"modified":"2023-09-29T11:26:55","modified_gmt":"2023-09-29T16:26:55","slug":"video-de-la-table-ronde-que-vaut-un-prix-darchitecture","status":"publish","type":"post","link":"https:\/\/crc.umontreal.ca\/en\/video-de-la-table-ronde-que-vaut-un-prix-darchitecture\/","title":{"rendered":"Video of the roundtable: What is an architecture award worth?"},"content":{"rendered":"<div class=\"wpb-content-wrapper\"><p>[vc_row][vc_column][vc_raw_html]JTNDZGl2JTIwc3R5bGUlM0QlMjJ0ZXh0LWFsaWduJTNBJTIwY2VudGVyJTNCJTIyJTNFJTBBJTNDaWZyYW1lJTIwdGl0bGUlM0QlMjJ2aW1lby1wbGF5ZXIlMjIlMjBzcmMlM0QlMjJodHRwcyUzQSUyRiUyRnBsYXllci52aW1lby5jb20lMkZ2aWRlbyUyRjcwMDUyMDkzNSUzRmglM0RkOTVhMWViMWFiJTI2YW1wJTIyJTIwd2lkdGglM0QlMjI2NDAlMjIlMjBoZWlnaHQlM0QlMjIzNjAlMjIlMjBmcmFtZWJvcmRlciUzRCUyMjAlMjIlMjBhbGxvd2Z1bGxzY3JlZW4lM0UlM0MlMkZpZnJhbWUlM0UlMEElM0MlMkZkaXYlM0U=[\/vc_raw_html][vc_column_text]<strong>This debate was organized at the <a href=\"https:\/\/www.banq.qc.ca\/notre-institution\/archives-nationales-montreal\/visitez-les-archives-nationales-montreal\/\" target=\"_blank\" rel=\"noopener\"><span style=\"color: #0000ff;\">BAnQ&#8217;s National Archives in Montreal<\/span><\/a> (535 Viger Avenue East) on November 24, 2022.<\/strong><\/p>\n<p>Once a symbol of excellence and exception, architecture and design awards, which aim to reward achievements, have multiplied exponentially in recent years. We no longer count the number of companies, associations, municipalities and specialized publications that have set up their own awards, many of which have greatly multiplied their categories over the years. The situation is such that we can now speak of a veritable awards &#8220;industry&#8221;, both in Quebec and internationally.<br \/>\nIn this context, we may wonder about the value of these awards. Do they always reward excellence? Do the entries focus excessively on aesthetics, or even the &#8220;Instagrammable&#8221; side of architecture, rather than on the public experience? Why do architectural firms feel the need to participate? How can we ensure the real value of an architecture award?[\/vc_column_text][vc_column_text]<strong>The event was organized by Kollectif, in partnership with Jean-Pierre Chupin,<\/strong> <a href=\"https:\/\/crc.umontreal.ca\/en\/\" target=\"_blank\" rel=\"noopener\"><span style=\"color: #0000ff;\">Canada Research Chair in Architecture, Competitions and Mediations of Excellence<\/span><\/a> (Universit\u00e9 de Montr\u00e9al) and co-editor of the collective book <a href=\"https:\/\/vernonpress.com\/book\/1507\" target=\"_blank\" rel=\"noopener\"><em><span style=\"color: #0000ff;\">The Rise of Awards in Architecture<\/span><\/em><\/a> (Vernon Press, 2022) with Carmela Cucuzzella and Georges Adamczyk.[\/vc_column_text][vc_single_image image=&#8221;25366&#8243; img_size=&#8221;large&#8221; alignment=&#8221;center&#8221;][vc_column_text]<strong>Presenter: Marc-Andr\u00e9 Carignan<\/strong>, Content Manager for <a href=\"https:\/\/kollectif.net\/\" target=\"_blank\" rel=\"noopener\"><span style=\"color: #0000ff;\">Kollectif<\/span><\/a><br \/>\n<strong>Moderator: Jean-Pierre Chupin<\/strong>, <a href=\"https:\/\/crc.umontreal.ca\/en\/\" target=\"_blank\" rel=\"noopener\"><span style=\"color: #0000ff;\">Canada Research Chair in Architecture, Competitions and Mediations of Excellence<\/span><\/a>, Universit\u00e9 de Montr\u00e9al<\/p>\n<p><strong>Our panelists:<\/strong><\/p>\n<ul>\n<li><strong>Brigitte Gadoury<\/strong>, co-president, <a href=\"https:\/\/int.design\/fr\/\" target=\"_blank\" rel=\"noopener\"><span style=\"color: #0000ff;\">Agence PID<\/span><\/a> (Grands Prix du Design)<\/li>\n<li><strong>Krystel Flamand<\/strong>, head architect, <a href=\"https:\/\/www.prismearchitecture.com\/\" target=\"_blank\" rel=\"noopener\"><span style=\"color: #0000ff;\">PRISME architecture<\/span><\/a><\/li>\n<li><strong>Anne-Marie Blais<\/strong>, associate architect, <a href=\"https:\/\/groupea.qc.ca\/\" target=\"_blank\" rel=\"noopener\"><span style=\"color: #0000ff;\">Groupe A \/ Annexe U<\/span><\/a> and president of the Prix d&#8217;excellence committee of the <a href=\"https:\/\/www.oaq.com\/\" target=\"_blank\" rel=\"noopener\"><span style=\"color: #0000ff;\">Ordre des architectes du Qu\u00e9bec<\/span><\/a><\/li>\n<li><strong>Marie-Jos\u00e9e Lacroix<\/strong>, former team leader of the <a href=\"https:\/\/designmontreal.com\/\" target=\"_blank\" rel=\"noopener\"><span style=\"color: #0000ff;\">Bureau du Design de la Ville de Montr\u00e9al<\/span><\/a> (Commerce Design Award)<\/li>\n<\/ul>\n<p><strong>Our guests of honour:<\/strong><\/p>\n<ul>\n<li><strong>Pierre Corriveau<\/strong>, President of the <a href=\"https:\/\/www.oaq.com\/\" target=\"_blank\" rel=\"noopener\"><span style=\"color: #0000ff;\">Ordre des architectes du Qu\u00e9bec<\/span><\/a><\/li>\n<li><strong>Maxime Brouillet<\/strong>,<span style=\"color: #0000ff;\"><a style=\"color: #0000ff;\" href=\"https:\/\/www.maximebrouillet.com\/\" target=\"_blank\" rel=\"noopener\"> architectural photographer<\/a><\/span><\/li>\n<li><strong>Stephan Chevalier<\/strong>, architect, co-founder of <span style=\"color: #0000ff;\"><a style=\"color: #0000ff;\" href=\"https:\/\/chevaliermorales.com\/\" target=\"_blank\" rel=\"noopener\">Chevalier Morales architectes<\/a><\/span><\/li>\n<li><strong>Claudine Caron<\/strong>, coordinator for 25 years of the <span style=\"color: #0000ff;\"><a style=\"color: #0000ff;\" href=\"https:\/\/www.ville.quebec.qc.ca\/citoyens\/art-culture\/concours\/merites-architecture\/\" target=\"_blank\" rel=\"noopener\">M\u00e9rites d&#8217;architecture de la Ville de Qu\u00e9bec<\/a><\/span>, and <strong>Anne-Marie Laplante<\/strong>, architecture and urban design consultant who took over the torch of the M\u00e9rites.<\/li>\n<li><strong>Carmela Cucuzzella<\/strong>, <a href=\"https:\/\/ideas-be.ca\/\" target=\"_blank\" rel=\"noopener\"><span style=\"color: #0000ff;\">IDEAS-BE Chair at Concordia University<\/span><\/a> (and co-editor of The Rise of Awards in Architecture).<\/li>\n<li><strong>Marie-Claude Parenteau-Lebeuf<\/strong>, Executive Director of the <a href=\"http:\/\/www.apdiq.com\/\" target=\"_blank\" rel=\"noopener\"><span style=\"color: #0000ff;\">Association Professionnelle des designers d\u2019int\u00e9rieur du Qu\u00e9bec<\/span><\/a><\/li>\n<li><strong>Patrick Messier<\/strong>, President of the <a href=\"https:\/\/adiq.qc.ca\/\" target=\"_blank\" rel=\"noopener\"><span style=\"color: #0000ff;\">Association des designers industriels du Qu\u00e9bec<\/span><\/a><\/li>\n<li><strong>Georges Adamczyk<\/strong>, Full Professor at the <a href=\"https:\/\/architecture.umontreal.ca\/\" target=\"_blank\" rel=\"noopener\"><span style=\"color: #0000ff;\">\u00c9cole d&#8217;architecture, Facult\u00e9 de l&#8217;am\u00e9nagement, Universit\u00e9 de Montr\u00e9al<\/span><\/a> (and co-editor of The Rise of Awards in Architecture)<\/li>\n<li><strong>Andrew King<\/strong>, FIRAC architect, Prix de Rome, senior associate and design manager, <a href=\"https:\/\/lemay.com\/fr\" target=\"_blank\" rel=\"noopener\"><span style=\"color: #0000ff;\">Lemay<\/span><\/a><\/li>\n<\/ul>\n<p><strong>Video production:<\/strong><\/p>\n<ul>\n<li><strong>Video editing and recording: Jonathan Haxhe<\/strong>, M.A. in communication, Universit\u00e9 de Montr\u00e9al.<\/li>\n<li><strong>Recording: Th\u00e9o Pag\u00e9-Robert<\/strong>, Bachelor of Architecture, Universit\u00e9 de Montr\u00e9al.<\/li>\n<\/ul>\n<p>Funding: Canada Research Chair in Architecture, Competitions and Mediations of Excellence.[\/vc_column_text][\/vc_column][\/vc_row][vc_row][vc_column][vc_column_text]&lt;div style=&#8221;text-align: center;&#8221;&gt;<br \/>\n&lt;iframe title=&#8221;vimeo-player&#8221; src=&#8221;https:\/\/player.vimeo.com\/video\/700520935?h=d95a1eb1ab&amp;amp&#8221; width=&#8221;640&#8243; height=&#8221;360&#8243; frameborder=&#8221;0&#8243; allowfullscreen&gt;&lt;\/iframe&gt;<br \/>\n&lt;\/div&gt;[\/vc_column_text][\/vc_column][\/vc_row]<\/p>\n<\/div>","protected":false},"excerpt":{"rendered":"<p>Once a symbol of excellence and exception, architecture and design prizes, which aim to reward achievements, have multiplied exponentially in recent years. This debate was devoted to questions about the value of these awards, considering their multiplication.<\/p>\n","protected":false},"author":1,"featured_media":25351,"comment_status":"closed","ping_status":"closed","sticky":false,"template":"","format":"standard","meta":{"_acf_changed":false,"footnotes":""},"categories":[1],"tags":[],"class_list":["post-25344","post","type-post","status-publish","format-standard","has-post-thumbnail","hentry","category-uncategorized"],"translation":{"provider":"WPGlobus","version":"3.0.2","language":"en","enabled_languages":["fr","en"],"languages":{"fr":{"title":true,"content":true,"excerpt":true},"en":{"title":true,"content":true,"excerpt":true}}},"acf":[],"yoast_head":"<!-- This site is optimized with the Yoast SEO plugin v25.9 - https:\/\/yoast.com\/wordpress\/plugins\/seo\/ -->\n<title>Video of the roundtable: What is an architecture award worth? - CANADA RESEARCH CHAIR IN ARCHITECTURE, COMPETITIONS and QUALITY<\/title>\n<meta name=\"robots\" content=\"index, follow, max-snippet:-1, max-image-preview:large, max-video-preview:-1\" \/>\n<link rel=\"canonical\" href=\"https:\/\/crc.umontreal.ca\/video-de-la-table-ronde-que-vaut-un-prix-darchitecture\/\" \/>\n<meta property=\"og:locale\" content=\"en_US\" \/>\n<meta property=\"og:type\" content=\"article\" \/>\n<meta property=\"og:title\" content=\"Video of the roundtable: What is an architecture award worth? - CANADA RESEARCH CHAIR IN ARCHITECTURE, COMPETITIONS and QUALITY\" \/>\n<meta property=\"og:url\" content=\"https:\/\/crc.umontreal.ca\/video-de-la-table-ronde-que-vaut-un-prix-darchitecture\/\" \/>\n<meta property=\"og:site_name\" content=\"CANADA RESEARCH CHAIR IN ARCHITECTURE, COMPETITIONS and QUALITY\" \/>\n<meta property=\"article:published_time\" content=\"2023-01-28T17:51:41+00:00\" \/>\n<meta property=\"article:modified_time\" content=\"2023-09-29T16:26:55+00:00\" \/>\n<meta name=\"author\" content=\"admin\" \/>\n<meta name=\"twitter:card\" content=\"summary_large_image\" \/>\n<meta name=\"twitter:label1\" content=\"Written by\" \/>\n\t<meta name=\"twitter:data1\" content=\"admin\" \/>\n\t<meta name=\"twitter:label2\" content=\"Est. reading time\" \/>\n\t<meta name=\"twitter:data2\" content=\"3 minutes\" \/>\n<script type=\"application\/ld+json\" class=\"yoast-schema-graph\">{\"@context\":\"https:\/\/schema.org\",\"@graph\":[{\"@type\":\"Article\",\"@id\":\"https:\/\/crc.umontreal.ca\/video-de-la-table-ronde-que-vaut-un-prix-darchitecture\/#article\",\"isPartOf\":{\"@id\":\"https:\/\/crc.umontreal.ca\/video-de-la-table-ronde-que-vaut-un-prix-darchitecture\/\"},\"author\":{\"name\":\"admin\",\"@id\":\"https:\/\/crc.umontreal.ca\/#\/schema\/person\/f1ae1716263dba7e536a62c7436080b7\"},\"headline\":\"Video of the roundtable: What is an architecture award worth?\",\"datePublished\":\"2023-01-28T17:51:41+00:00\",\"dateModified\":\"2023-09-29T16:26:55+00:00\",\"mainEntityOfPage\":{\"@id\":\"https:\/\/crc.umontreal.ca\/video-de-la-table-ronde-que-vaut-un-prix-darchitecture\/\"},\"wordCount\":1240,\"publisher\":{\"@id\":\"https:\/\/crc.umontreal.ca\/#organization\"},\"image\":{\"@id\":\"https:\/\/crc.umontreal.ca\/video-de-la-table-ronde-que-vaut-un-prix-darchitecture\/#primaryimage\"},\"thumbnailUrl\":\"https:\/\/crc.umontreal.ca\/wp-content\/uploads\/2023\/01\/Capture-decran-2023-01-28-a-13.15.34.png\",\"inLanguage\":\"en-US\"},{\"@type\":\"WebPage\",\"@id\":\"https:\/\/crc.umontreal.ca\/video-de-la-table-ronde-que-vaut-un-prix-darchitecture\/\",\"url\":\"https:\/\/crc.umontreal.ca\/video-de-la-table-ronde-que-vaut-un-prix-darchitecture\/\",\"name\":\"Video of the roundtable: What is an architecture award worth? - CANADA RESEARCH CHAIR IN ARCHITECTURE, COMPETITIONS and QUALITY\",\"isPartOf\":{\"@id\":\"https:\/\/crc.umontreal.ca\/#website\"},\"primaryImageOfPage\":{\"@id\":\"https:\/\/crc.umontreal.ca\/video-de-la-table-ronde-que-vaut-un-prix-darchitecture\/#primaryimage\"},\"image\":{\"@id\":\"https:\/\/crc.umontreal.ca\/video-de-la-table-ronde-que-vaut-un-prix-darchitecture\/#primaryimage\"},\"thumbnailUrl\":\"https:\/\/crc.umontreal.ca\/wp-content\/uploads\/2023\/01\/Capture-decran-2023-01-28-a-13.15.34.png\",\"datePublished\":\"2023-01-28T17:51:41+00:00\",\"dateModified\":\"2023-09-29T16:26:55+00:00\",\"breadcrumb\":{\"@id\":\"https:\/\/crc.umontreal.ca\/video-de-la-table-ronde-que-vaut-un-prix-darchitecture\/#breadcrumb\"},\"inLanguage\":\"en-US\",\"potentialAction\":[{\"@type\":\"ReadAction\",\"target\":[\"https:\/\/crc.umontreal.ca\/video-de-la-table-ronde-que-vaut-un-prix-darchitecture\/\"]}]},{\"@type\":\"ImageObject\",\"inLanguage\":\"en-US\",\"@id\":\"https:\/\/crc.umontreal.ca\/video-de-la-table-ronde-que-vaut-un-prix-darchitecture\/#primaryimage\",\"url\":\"https:\/\/crc.umontreal.ca\/wp-content\/uploads\/2023\/01\/Capture-decran-2023-01-28-a-13.15.34.png\",\"contentUrl\":\"https:\/\/crc.umontreal.ca\/wp-content\/uploads\/2023\/01\/Capture-decran-2023-01-28-a-13.15.34.png\",\"width\":867,\"height\":567},{\"@type\":\"BreadcrumbList\",\"@id\":\"https:\/\/crc.umontreal.ca\/video-de-la-table-ronde-que-vaut-un-prix-darchitecture\/#breadcrumb\",\"itemListElement\":[{\"@type\":\"ListItem\",\"position\":1,\"name\":\"Accueil\",\"item\":\"https:\/\/crc.umontreal.ca\/\"},{\"@type\":\"ListItem\",\"position\":2,\"name\":\"Vid\u00e9o de la table ronde : Que vaut un prix d\u2019architecture?\"}]},{\"@type\":\"WebSite\",\"@id\":\"https:\/\/crc.umontreal.ca\/#website\",\"url\":\"https:\/\/crc.umontreal.ca\/\",\"name\":\"%%sitedesc%%\",\"description\":\"&lt;span class=&quot;titre_entete_div&quot;&gt;Canada Research Chair in&lt;\/span&gt;&lt;br&gt;&lt;span class=&quot;titre_entete_div&quot;&gt;Architecture, Competitions and Quality (CRC-ACQUA)&lt;\/span&gt;\",\"publisher\":{\"@id\":\"https:\/\/crc.umontreal.ca\/#organization\"},\"potentialAction\":[{\"@type\":\"SearchAction\",\"target\":{\"@type\":\"EntryPoint\",\"urlTemplate\":\"https:\/\/crc.umontreal.ca\/?s={search_term_string}\"},\"query-input\":{\"@type\":\"PropertyValueSpecification\",\"valueRequired\":true,\"valueName\":\"search_term_string\"}}],\"inLanguage\":\"en-US\"},{\"@type\":\"Organization\",\"@id\":\"https:\/\/crc.umontreal.ca\/#organization\",\"name\":\"%%sitedesc%%\",\"url\":\"https:\/\/crc.umontreal.ca\/\",\"logo\":{\"@type\":\"ImageObject\",\"inLanguage\":\"en-US\",\"@id\":\"https:\/\/crc.umontreal.ca\/#\/schema\/logo\/image\/\",\"url\":\"https:\/\/crc.umontreal.ca\/wp-content\/uploads\/2025\/10\/cropped-CRC_ACQUA.png\",\"contentUrl\":\"https:\/\/crc.umontreal.ca\/wp-content\/uploads\/2025\/10\/cropped-CRC_ACQUA.png\",\"width\":1099,\"height\":1099,\"caption\":\"%%sitedesc%%\"},\"image\":{\"@id\":\"https:\/\/crc.umontreal.ca\/#\/schema\/logo\/image\/\"}},{\"@type\":\"Person\",\"@id\":\"https:\/\/crc.umontreal.ca\/#\/schema\/person\/f1ae1716263dba7e536a62c7436080b7\",\"name\":\"admin\",\"image\":{\"@type\":\"ImageObject\",\"inLanguage\":\"en-US\",\"@id\":\"https:\/\/crc.umontreal.ca\/#\/schema\/person\/image\/\",\"url\":\"https:\/\/secure.gravatar.com\/avatar\/ce8229f75a9c750ac5837247221519ee?s=96&d=mm&r=g\",\"contentUrl\":\"https:\/\/secure.gravatar.com\/avatar\/ce8229f75a9c750ac5837247221519ee?s=96&d=mm&r=g\",\"caption\":\"admin\"},\"url\":\"https:\/\/crc.umontreal.ca\/en\/author\/admin\/\"}]}<\/script>\n<!-- \/ Yoast SEO plugin. -->","yoast_head_json":{"title":"Video of the roundtable: What is an architecture award worth? - CANADA RESEARCH CHAIR IN ARCHITECTURE, COMPETITIONS and QUALITY","robots":{"index":"index","follow":"follow","max-snippet":"max-snippet:-1","max-image-preview":"max-image-preview:large","max-video-preview":"max-video-preview:-1"},"canonical":"https:\/\/crc.umontreal.ca\/video-de-la-table-ronde-que-vaut-un-prix-darchitecture\/","og_locale":"en_US","og_type":"article","og_title":"Video of the roundtable: What is an architecture award worth? - CANADA RESEARCH CHAIR IN ARCHITECTURE, COMPETITIONS and QUALITY","og_url":"https:\/\/crc.umontreal.ca\/video-de-la-table-ronde-que-vaut-un-prix-darchitecture\/","og_site_name":"CANADA RESEARCH CHAIR IN ARCHITECTURE, COMPETITIONS and QUALITY","article_published_time":"2023-01-28T17:51:41+00:00","article_modified_time":"2023-09-29T16:26:55+00:00","author":"admin","twitter_card":"summary_large_image","twitter_misc":{"Written by":"admin","Est. reading time":"3 minutes"},"schema":{"@context":"https:\/\/schema.org","@graph":[{"@type":"Article","@id":"https:\/\/crc.umontreal.ca\/video-de-la-table-ronde-que-vaut-un-prix-darchitecture\/#article","isPartOf":{"@id":"https:\/\/crc.umontreal.ca\/video-de-la-table-ronde-que-vaut-un-prix-darchitecture\/"},"author":{"name":"admin","@id":"https:\/\/crc.umontreal.ca\/#\/schema\/person\/f1ae1716263dba7e536a62c7436080b7"},"headline":"Video of the roundtable: What is an architecture award worth?","datePublished":"2023-01-28T17:51:41+00:00","dateModified":"2023-09-29T16:26:55+00:00","mainEntityOfPage":{"@id":"https:\/\/crc.umontreal.ca\/video-de-la-table-ronde-que-vaut-un-prix-darchitecture\/"},"wordCount":1240,"publisher":{"@id":"https:\/\/crc.umontreal.ca\/#organization"},"image":{"@id":"https:\/\/crc.umontreal.ca\/video-de-la-table-ronde-que-vaut-un-prix-darchitecture\/#primaryimage"},"thumbnailUrl":"https:\/\/crc.umontreal.ca\/wp-content\/uploads\/2023\/01\/Capture-decran-2023-01-28-a-13.15.34.png","inLanguage":"en-US"},{"@type":"WebPage","@id":"https:\/\/crc.umontreal.ca\/video-de-la-table-ronde-que-vaut-un-prix-darchitecture\/","url":"https:\/\/crc.umontreal.ca\/video-de-la-table-ronde-que-vaut-un-prix-darchitecture\/","name":"Video of the roundtable: What is an architecture award worth? - CANADA RESEARCH CHAIR IN ARCHITECTURE, COMPETITIONS and QUALITY","isPartOf":{"@id":"https:\/\/crc.umontreal.ca\/#website"},"primaryImageOfPage":{"@id":"https:\/\/crc.umontreal.ca\/video-de-la-table-ronde-que-vaut-un-prix-darchitecture\/#primaryimage"},"image":{"@id":"https:\/\/crc.umontreal.ca\/video-de-la-table-ronde-que-vaut-un-prix-darchitecture\/#primaryimage"},"thumbnailUrl":"https:\/\/crc.umontreal.ca\/wp-content\/uploads\/2023\/01\/Capture-decran-2023-01-28-a-13.15.34.png","datePublished":"2023-01-28T17:51:41+00:00","dateModified":"2023-09-29T16:26:55+00:00","breadcrumb":{"@id":"https:\/\/crc.umontreal.ca\/video-de-la-table-ronde-que-vaut-un-prix-darchitecture\/#breadcrumb"},"inLanguage":"en-US","potentialAction":[{"@type":"ReadAction","target":["https:\/\/crc.umontreal.ca\/video-de-la-table-ronde-que-vaut-un-prix-darchitecture\/"]}]},{"@type":"ImageObject","inLanguage":"en-US","@id":"https:\/\/crc.umontreal.ca\/video-de-la-table-ronde-que-vaut-un-prix-darchitecture\/#primaryimage","url":"https:\/\/crc.umontreal.ca\/wp-content\/uploads\/2023\/01\/Capture-decran-2023-01-28-a-13.15.34.png","contentUrl":"https:\/\/crc.umontreal.ca\/wp-content\/uploads\/2023\/01\/Capture-decran-2023-01-28-a-13.15.34.png","width":867,"height":567},{"@type":"BreadcrumbList","@id":"https:\/\/crc.umontreal.ca\/video-de-la-table-ronde-que-vaut-un-prix-darchitecture\/#breadcrumb","itemListElement":[{"@type":"ListItem","position":1,"name":"Accueil","item":"https:\/\/crc.umontreal.ca\/"},{"@type":"ListItem","position":2,"name":"Vid\u00e9o de la table ronde : Que vaut un prix d\u2019architecture?"}]},{"@type":"WebSite","@id":"https:\/\/crc.umontreal.ca\/#website","url":"https:\/\/crc.umontreal.ca\/","name":"%%sitedesc%%","description":"&lt;span class=&quot;titre_entete_div&quot;&gt;Canada Research Chair in&lt;\/span&gt;&lt;br&gt;&lt;span class=&quot;titre_entete_div&quot;&gt;Architecture, Competitions and Quality (CRC-ACQUA)&lt;\/span&gt;","publisher":{"@id":"https:\/\/crc.umontreal.ca\/#organization"},"potentialAction":[{"@type":"SearchAction","target":{"@type":"EntryPoint","urlTemplate":"https:\/\/crc.umontreal.ca\/?s={search_term_string}"},"query-input":{"@type":"PropertyValueSpecification","valueRequired":true,"valueName":"search_term_string"}}],"inLanguage":"en-US"},{"@type":"Organization","@id":"https:\/\/crc.umontreal.ca\/#organization","name":"%%sitedesc%%","url":"https:\/\/crc.umontreal.ca\/","logo":{"@type":"ImageObject","inLanguage":"en-US","@id":"https:\/\/crc.umontreal.ca\/#\/schema\/logo\/image\/","url":"https:\/\/crc.umontreal.ca\/wp-content\/uploads\/2025\/10\/cropped-CRC_ACQUA.png","contentUrl":"https:\/\/crc.umontreal.ca\/wp-content\/uploads\/2025\/10\/cropped-CRC_ACQUA.png","width":1099,"height":1099,"caption":"%%sitedesc%%"},"image":{"@id":"https:\/\/crc.umontreal.ca\/#\/schema\/logo\/image\/"}},{"@type":"Person","@id":"https:\/\/crc.umontreal.ca\/#\/schema\/person\/f1ae1716263dba7e536a62c7436080b7","name":"admin","image":{"@type":"ImageObject","inLanguage":"en-US","@id":"https:\/\/crc.umontreal.ca\/#\/schema\/person\/image\/","url":"https:\/\/secure.gravatar.com\/avatar\/ce8229f75a9c750ac5837247221519ee?s=96&d=mm&r=g","contentUrl":"https:\/\/secure.gravatar.com\/avatar\/ce8229f75a9c750ac5837247221519ee?s=96&d=mm&r=g","caption":"admin"},"url":"https:\/\/crc.umontreal.ca\/en\/author\/admin\/"}]}},"_links":{"self":[{"href":"https:\/\/crc.umontreal.ca\/en\/wp-json\/wp\/v2\/posts\/25344","targetHints":{"allow":["GET"]}}],"collection":[{"href":"https:\/\/crc.umontreal.ca\/en\/wp-json\/wp\/v2\/posts"}],"about":[{"href":"https:\/\/crc.umontreal.ca\/en\/wp-json\/wp\/v2\/types\/post"}],"author":[{"embeddable":true,"href":"https:\/\/crc.umontreal.ca\/en\/wp-json\/wp\/v2\/users\/1"}],"replies":[{"embeddable":true,"href":"https:\/\/crc.umontreal.ca\/en\/wp-json\/wp\/v2\/comments?post=25344"}],"version-history":[{"count":21,"href":"https:\/\/crc.umontreal.ca\/en\/wp-json\/wp\/v2\/posts\/25344\/revisions"}],"predecessor-version":[{"id":26430,"href":"https:\/\/crc.umontreal.ca\/en\/wp-json\/wp\/v2\/posts\/25344\/revisions\/26430"}],"wp:featuredmedia":[{"embeddable":true,"href":"https:\/\/crc.umontreal.ca\/en\/wp-json\/wp\/v2\/media\/25351"}],"wp:attachment":[{"href":"https:\/\/crc.umontreal.ca\/en\/wp-json\/wp\/v2\/media?parent=25344"}],"wp:term":[{"taxonomy":"category","embeddable":true,"href":"https:\/\/crc.umontreal.ca\/en\/wp-json\/wp\/v2\/categories?post=25344"},{"taxonomy":"post_tag","embeddable":true,"href":"https:\/\/crc.umontreal.ca\/en\/wp-json\/wp\/v2\/tags?post=25344"}],"curies":[{"name":"wp","href":"https:\/\/api.w.org\/{rel}","templated":true}]}}