{"id":26762,"date":"2024-09-22T16:53:30","date_gmt":"2024-09-22T21:53:30","guid":{"rendered":"https:\/\/crc.umontreal.ca\/?p=26762"},"modified":"2024-09-22T16:58:50","modified_gmt":"2024-09-22T21:58:50","slug":"comment-mobiliser-les-etudiants-les-professionnels-et-la-commande-publique-aux-enjeux-de-laccessibilite-universelle-dans-les-espaces-et-lieux-publics","status":"publish","type":"post","link":"https:\/\/crc.umontreal.ca\/en\/comment-mobiliser-les-etudiants-les-professionnels-et-la-commande-publique-aux-enjeux-de-laccessibilite-universelle-dans-les-espaces-et-lieux-publics\/","title":{"rendered":"How can we mobilize students, professionals and public authorities around the challenges of universal accessibility in public spaces?"},"content":{"rendered":"<div class=\"wpb-content-wrapper\"><p>[vc_row][vc_column][mvc_advanced_button btn_text=&#8221;DOWNLOAD THE DETAILED PROGRAM IN PDF FORMAT&#8221; btn_block=&#8221;btn_block&#8221; google_fonts=&#8221;font_family:Open%20Sans%3A300%2C300italic%2Cregular%2Citalic%2C600%2C600italic%2C700%2C700italic%2C800%2C800italic|font_style:700%20bold%20regular%3A700%3Anormal&#8221; caption_url=&#8221;&#8221; caption_urls=&#8221;&#8221; caption_urlss=&#8221;&#8221; btn_url=&#8221;url:https%3A%2F%2Fcrc.umontreal.ca%2Fwp-content%2Fuploads%2F2024%2F09%2FProgramme-36-EJC2024_web.pdf|target:_blank&#8221; btn_clr=&#8221;#ffffff&#8221; btn_bg=&#8221;rgba(114,114,128,0.77)&#8221; btn_hvrclr=&#8221;#ffffff&#8221; btn_hvrbg=&#8221;#727280&#8243; btn_radius=&#8221;4&#8243;][vc_empty_space][vc_column_text css=&#8221;&#8221;]As part of the <span style=\"color: #0000ff;\"><a style=\"color: #0000ff;\" href=\"https:\/\/entretiensjacquescartier.com\/\" target=\"_blank\" rel=\"noopener\">Entretiens du Centre Jacques Cartier<\/a><\/span>, an international student workshop (France-Quebec) and three round tables to devise concrete short- and medium-term awareness-raising initiatives in architecture, landscape and design.<\/p>\n<p>Date: Thursday, October 17, 2024, 8:30 am to 6:00 pm<\/p>\n<p>Location: Room 1150, Facult\u00e9 de l\u2019am\u00e9nagement, Universit\u00e9 de Montr\u00e9al<\/p>\n<p>Limited seating. Free admission but registration is required: <a href=\"https:\/\/www.eventbrite.fr\/e\/billets-sensibilisation-a-laccessibilite-universelle-dans-les-lieux-publics-1022431519197\" target=\"_blank\" rel=\"noopener\"><span style=\"color: #0000ff;\">https:\/\/www.eventbrite.fr\/e\/billets-sensibilisation-a-laccessibilite-universelle-dans-les-lieux-publics-1022431519197<\/span><\/a><\/p>\n<p>This international meeting is organized by the Canada Research Chair in Architecture, Competitions and Mediations of Excellence with special support from <a href=\"https:\/\/provencherroy.ca\/fr\/\" target=\"_blank\" rel=\"noopener\">the <span style=\"color: #0000ff;\">Fond Provencher_Roy et associ\u00e9s HQA+<\/span><\/a> (High Quality in Architecture and Accessibility).<\/p>\n<p>&nbsp;<\/p>\n<p><strong>Description<\/strong><\/p>\n<p>In contrast to the progress made in raising awareness of the challenges of sustainable development over the past three decades, the delay in understanding the spatial challenges of different forms of disability and special needs is still a major brake on the response of pedagogies, practices and policies.<\/p>\n<p>This project brings together scientific, educational and community expertise, both in the issues and practices of inclusive design, and in digital technologies for raising awareness. This transatlantic collaboration places the issue of inclusive design well upstream. The two-part event consists of an awareness-raising workshop bringing together students from Lyon and Montreal, followed by round-table discussions. The latter will bring together researchers, professionals and political and community players to discuss advances in universal accessibility awareness. We&#8217;ll be looking at the potential impact of digital and artificial intelligence technologies in this collective awakening.<\/p>\n<p><strong>\u00a0<\/strong><\/p>\n<p><strong>Program<\/strong><\/p>\n<p><strong>8:30 am \u2015 Welcoming participants<\/strong><\/p>\n<p><strong>9:00 am \u2015 Word of welcome from the Dean of the Facult\u00e9 de l&#8217;am\u00e9nagement (Universit\u00e9 de Montr\u00e9al)<\/strong><\/p>\n<ul>\n<li>Carmela Cucuzzella, doyenne, Universit\u00e9 de Montr\u00e9al Am\u00e9nagement<\/li>\n<\/ul>\n<p><strong>9:15 am \u2015 Introduction by the project leaders<\/strong><\/p>\n<ul>\n<li>Jean-Pierre Chupin, Chaire de recherche du Canada en architecture, concours et m\u00e9diations de l&#8217;excellence, Universit\u00e9 de Montr\u00e9al Architecture<\/li>\n<li>Olivia Rousseaux, Architecte-Ing\u00e9nieure, AIA Lyon Life designers<\/li>\n<\/ul>\n<p><strong>9:45 am \u2015 ROUND TABLE #1: RAISING AWARENESS OF UNIVERSAL ACCESSIBILITY PRINCIPLES (DIDACTICS OF UNDERSTANDING)<\/strong><\/p>\n<ul>\n<li>Joelle Forest, Ma\u00eetresse de Conf\u00e9rences, Charg\u00e9e de mission Innovation et Cr\u00e9ativit\u00e9, INSA Lyon<\/li>\n<li>Virginie LaSalle, Professeure adjointe, Universit\u00e9 de Montr\u00e9al Design<\/li>\n<li>Sarah Huxley, Responsable recherche et d\u00e9veloppement, Fondation V\u00e9ro et Louis<\/li>\n<li>Xavier Arnaud, Ma\u00eetre de conf\u00e9rences, ENSA de Lyon<\/li>\n<li>Agathe Barbery, Etudiante en Master 2 Architecture, ENSA de Lyon<\/li>\n<li>Cl\u00e9ment Petiteau, Etudiant en 5\u00e8me ann\u00e9e, INSA de Lyon<\/li>\n<li>Cl\u00e9o Lethier, Etudiante Bachelor 3 Architecture, Universit\u00e9 de Montr\u00e9al Architecture<\/li>\n<li>Sandrine Bovet, Etudiante en Ma\u00eetrise 2 Architecture, Universit\u00e9 de Montr\u00e9al Architecture<\/li>\n<\/ul>\n<p><strong>11:45 am \u2015 Students&#8217; summary of the round table<\/strong><\/p>\n<p><strong>11:55 am \u2015 Lunch<\/strong><\/p>\n<p><strong>1:00 pm \u2015 ROUND TABLE #2: RAISING AWARENESS OF UNIVERSAL ACCESSIBILITY PRINCIPLES (INTEGRATION INTO PROFESSIONAL PRACTICES)<\/strong><\/p>\n<ul>\n<li>Olivia Rousseaux, Architecte-Ing\u00e9nieure, AIA Lyon Life designers<\/li>\n<li>Sonia Gagn\u00e9, Architecte principale, Provencher Roy et associ\u00e9s<\/li>\n<li>Julie Leclair, Conseill\u00e8re en planification, Direction des Biblioth\u00e8ques, Ville de Montr\u00e9al<\/li>\n<li>Isabelle Cardinal, directrice services de consultation, Soci\u00e9t\u00e9 logique design universel<\/li>\n<li>Elisabeth Labarre, Etudiante en Ma\u00eetrise 2 Architecture, Universit\u00e9 de Montr\u00e9al Architecture<\/li>\n<li>Simon Ledoux, Etudiant Ma\u00eetrise 1 Architecture, Universit\u00e9 de Montr\u00e9al Architecture<\/li>\n<li>Marine Giraudon, Architecte Doctorante, ENSA de Lyon<\/li>\n<li>Julie Brachet, Etudiante en Master Architecture, ENSA de Lyon<\/li>\n<\/ul>\n<p><strong>3:00 pm \u2015 Students&#8217; summary of the round table<\/strong><\/p>\n<p><strong>3:00 pm \u2015 Break<\/strong><\/p>\n<p><strong>3:25 pm \u2015 ROUND TABLE #3: RAISING AWARENESS OF UNIVERSAL ACCESSIBILITY PRINCIPLES (POLICIES AND STANDARDIZATION SYSTEMS)<\/strong><\/p>\n<ul>\n<li>Katty Taillon, directrice, Fondation V\u00e9ro et Louis<\/li>\n<li>Shin Alexandre Koseki, Professeur agr\u00e9g\u00e9, Chaire UNESCO paysage + MILA<\/li>\n<li>Laurence Parent, Conseill\u00e8re d&#8217;arrondissement, Pr\u00e9sidente de la Commission sur les transports de Montr\u00e9al, Vice-pr\u00e9sidente de la Soci\u00e9t\u00e9 de transport<\/li>\n<li>Carmela Cucuzzella, doyenne, Universit\u00e9 de Montr\u00e9al Am\u00e9nagement<\/li>\n<li>Alice Chatelard, Architecte, \u00e9tudiante en Ma\u00eetrise 2 Urbanisme, ENSA de Lyon<\/li>\n<li>Alexis Mazurier, Etudiant en 5\u00e8me ann\u00e9e, INSA de Lyon<\/li>\n<li>Sarah Bronsard, Doctorante G\u00e9ographie et Am\u00e9nagement, Universit\u00e9 Lyon 2<\/li>\n<li>Tchango Ngamaleu, Architecte Doctorant, Universit\u00e9 de Montr\u00e9al Architecture<\/li>\n<li>Laurene Smith, Etudiante en Ma\u00eetrise 1 Architecture, Universit\u00e9 de Montr\u00e9al Architecture<\/li>\n<\/ul>\n<p><strong>5:25 pm \u2015 Students&#8217; summary of the round table<\/strong><\/p>\n<p><strong>5:35 pm \u2015 Closing remarks and thanks from the organizers<\/strong><\/p>\n<ul>\n<li>Laurence Parent, Conseill\u00e8re d&#8217;arrondissement, Pr\u00e9sidente de la Commission sur les transports de Montr\u00e9al, Vice-pr\u00e9sidente de la Soci\u00e9t\u00e9 de transport<\/li>\n<li>Jean-Pierre Chupin, Chaire de recherche du Canada en architecture, concours et m\u00e9diations de l&#8217;excellence, Universit\u00e9 de Montr\u00e9al Architecture<\/li>\n<\/ul>\n<p>[\/vc_column_text][\/vc_column][\/vc_row]<\/p>\n<\/div>","protected":false},"excerpt":{"rendered":"<p>Raising awareness of the issues and principles of universal accessibility in public spaces<\/p>\n","protected":false},"author":1,"featured_media":26769,"comment_status":"closed","ping_status":"closed","sticky":false,"template":"","format":"standard","meta":{"_acf_changed":false,"footnotes":""},"categories":[1],"tags":[],"class_list":["post-26762","post","type-post","status-publish","format-standard","has-post-thumbnail","hentry","category-uncategorized"],"translation":{"provider":"WPGlobus","version":"3.0.2","language":"en","enabled_languages":["fr","en"],"languages":{"fr":{"title":true,"content":true,"excerpt":true},"en":{"title":true,"content":true,"excerpt":true}}},"acf":[],"yoast_head":"<!-- This site is optimized with the Yoast SEO plugin v25.9 - https:\/\/yoast.com\/wordpress\/plugins\/seo\/ -->\n<title>How can we mobilize students, professionals and public authorities around the challenges of universal accessibility in public spaces? - CANADA RESEARCH CHAIR IN ARCHITECTURE, COMPETITIONS and QUALITY<\/title>\n<meta name=\"robots\" content=\"index, follow, max-snippet:-1, max-image-preview:large, max-video-preview:-1\" \/>\n<link rel=\"canonical\" href=\"https:\/\/crc.umontreal.ca\/comment-mobiliser-les-etudiants-les-professionnels-et-la-commande-publique-aux-enjeux-de-laccessibilite-universelle-dans-les-espaces-et-lieux-publics\/\" \/>\n<meta property=\"og:locale\" content=\"en_US\" \/>\n<meta property=\"og:type\" content=\"article\" \/>\n<meta property=\"og:title\" content=\"How can we mobilize students, professionals and public authorities around the challenges of universal accessibility in public spaces? - CANADA RESEARCH CHAIR IN ARCHITECTURE, COMPETITIONS and QUALITY\" \/>\n<meta property=\"og:url\" content=\"https:\/\/crc.umontreal.ca\/comment-mobiliser-les-etudiants-les-professionnels-et-la-commande-publique-aux-enjeux-de-laccessibilite-universelle-dans-les-espaces-et-lieux-publics\/\" \/>\n<meta property=\"og:site_name\" content=\"CANADA RESEARCH CHAIR IN ARCHITECTURE, COMPETITIONS and QUALITY\" \/>\n<meta property=\"article:published_time\" content=\"2024-09-22T21:53:30+00:00\" \/>\n<meta property=\"article:modified_time\" content=\"2024-09-22T21:58:50+00:00\" \/>\n<meta name=\"author\" content=\"admin\" \/>\n<meta name=\"twitter:card\" content=\"summary_large_image\" \/>\n<meta name=\"twitter:label1\" content=\"Written by\" \/>\n\t<meta name=\"twitter:data1\" content=\"admin\" \/>\n\t<meta name=\"twitter:label2\" content=\"Est. reading time\" \/>\n\t<meta name=\"twitter:data2\" content=\"4 minutes\" \/>\n<script type=\"application\/ld+json\" class=\"yoast-schema-graph\">{\"@context\":\"https:\/\/schema.org\",\"@graph\":[{\"@type\":\"Article\",\"@id\":\"https:\/\/crc.umontreal.ca\/comment-mobiliser-les-etudiants-les-professionnels-et-la-commande-publique-aux-enjeux-de-laccessibilite-universelle-dans-les-espaces-et-lieux-publics\/#article\",\"isPartOf\":{\"@id\":\"https:\/\/crc.umontreal.ca\/comment-mobiliser-les-etudiants-les-professionnels-et-la-commande-publique-aux-enjeux-de-laccessibilite-universelle-dans-les-espaces-et-lieux-publics\/\"},\"author\":{\"name\":\"admin\",\"@id\":\"https:\/\/crc.umontreal.ca\/#\/schema\/person\/f1ae1716263dba7e536a62c7436080b7\"},\"headline\":\"How can we mobilize students, professionals and public authorities around the challenges of universal accessibility in public spaces?\",\"datePublished\":\"2024-09-22T21:53:30+00:00\",\"dateModified\":\"2024-09-22T21:58:50+00:00\",\"mainEntityOfPage\":{\"@id\":\"https:\/\/crc.umontreal.ca\/comment-mobiliser-les-etudiants-les-professionnels-et-la-commande-publique-aux-enjeux-de-laccessibilite-universelle-dans-les-espaces-et-lieux-publics\/\"},\"wordCount\":1710,\"publisher\":{\"@id\":\"https:\/\/crc.umontreal.ca\/#organization\"},\"image\":{\"@id\":\"https:\/\/crc.umontreal.ca\/comment-mobiliser-les-etudiants-les-professionnels-et-la-commande-publique-aux-enjeux-de-laccessibilite-universelle-dans-les-espaces-et-lieux-publics\/#primaryimage\"},\"thumbnailUrl\":\"https:\/\/crc.umontreal.ca\/wp-content\/uploads\/2024\/09\/EJC2024-02-scaled.jpg\",\"inLanguage\":\"en-US\"},{\"@type\":\"WebPage\",\"@id\":\"https:\/\/crc.umontreal.ca\/comment-mobiliser-les-etudiants-les-professionnels-et-la-commande-publique-aux-enjeux-de-laccessibilite-universelle-dans-les-espaces-et-lieux-publics\/\",\"url\":\"https:\/\/crc.umontreal.ca\/comment-mobiliser-les-etudiants-les-professionnels-et-la-commande-publique-aux-enjeux-de-laccessibilite-universelle-dans-les-espaces-et-lieux-publics\/\",\"name\":\"How can we mobilize students, professionals and public authorities around the challenges of universal accessibility in public spaces? - CANADA RESEARCH CHAIR IN ARCHITECTURE, COMPETITIONS and QUALITY\",\"isPartOf\":{\"@id\":\"https:\/\/crc.umontreal.ca\/#website\"},\"primaryImageOfPage\":{\"@id\":\"https:\/\/crc.umontreal.ca\/comment-mobiliser-les-etudiants-les-professionnels-et-la-commande-publique-aux-enjeux-de-laccessibilite-universelle-dans-les-espaces-et-lieux-publics\/#primaryimage\"},\"image\":{\"@id\":\"https:\/\/crc.umontreal.ca\/comment-mobiliser-les-etudiants-les-professionnels-et-la-commande-publique-aux-enjeux-de-laccessibilite-universelle-dans-les-espaces-et-lieux-publics\/#primaryimage\"},\"thumbnailUrl\":\"https:\/\/crc.umontreal.ca\/wp-content\/uploads\/2024\/09\/EJC2024-02-scaled.jpg\",\"datePublished\":\"2024-09-22T21:53:30+00:00\",\"dateModified\":\"2024-09-22T21:58:50+00:00\",\"breadcrumb\":{\"@id\":\"https:\/\/crc.umontreal.ca\/comment-mobiliser-les-etudiants-les-professionnels-et-la-commande-publique-aux-enjeux-de-laccessibilite-universelle-dans-les-espaces-et-lieux-publics\/#breadcrumb\"},\"inLanguage\":\"en-US\",\"potentialAction\":[{\"@type\":\"ReadAction\",\"target\":[\"https:\/\/crc.umontreal.ca\/comment-mobiliser-les-etudiants-les-professionnels-et-la-commande-publique-aux-enjeux-de-laccessibilite-universelle-dans-les-espaces-et-lieux-publics\/\"]}]},{\"@type\":\"ImageObject\",\"inLanguage\":\"en-US\",\"@id\":\"https:\/\/crc.umontreal.ca\/comment-mobiliser-les-etudiants-les-professionnels-et-la-commande-publique-aux-enjeux-de-laccessibilite-universelle-dans-les-espaces-et-lieux-publics\/#primaryimage\",\"url\":\"https:\/\/crc.umontreal.ca\/wp-content\/uploads\/2024\/09\/EJC2024-02-scaled.jpg\",\"contentUrl\":\"https:\/\/crc.umontreal.ca\/wp-content\/uploads\/2024\/09\/EJC2024-02-scaled.jpg\",\"width\":2560,\"height\":1440},{\"@type\":\"BreadcrumbList\",\"@id\":\"https:\/\/crc.umontreal.ca\/comment-mobiliser-les-etudiants-les-professionnels-et-la-commande-publique-aux-enjeux-de-laccessibilite-universelle-dans-les-espaces-et-lieux-publics\/#breadcrumb\",\"itemListElement\":[{\"@type\":\"ListItem\",\"position\":1,\"name\":\"Accueil\",\"item\":\"https:\/\/crc.umontreal.ca\/\"},{\"@type\":\"ListItem\",\"position\":2,\"name\":\"Comment mobiliser les \u00e9tudiants, les professionnels et la commande publique aux enjeux de l\u2019accessibilit\u00e9 universelle dans les espaces et lieux publics?\"}]},{\"@type\":\"WebSite\",\"@id\":\"https:\/\/crc.umontreal.ca\/#website\",\"url\":\"https:\/\/crc.umontreal.ca\/\",\"name\":\"%%sitedesc%%\",\"description\":\"&lt;span class=&quot;titre_entete_div&quot;&gt;Canada Research Chair in&lt;\/span&gt;&lt;br&gt;&lt;span class=&quot;titre_entete_div&quot;&gt;Architecture, Competitions and Quality (CRC-ACQUA)&lt;\/span&gt;\",\"publisher\":{\"@id\":\"https:\/\/crc.umontreal.ca\/#organization\"},\"potentialAction\":[{\"@type\":\"SearchAction\",\"target\":{\"@type\":\"EntryPoint\",\"urlTemplate\":\"https:\/\/crc.umontreal.ca\/?s={search_term_string}\"},\"query-input\":{\"@type\":\"PropertyValueSpecification\",\"valueRequired\":true,\"valueName\":\"search_term_string\"}}],\"inLanguage\":\"en-US\"},{\"@type\":\"Organization\",\"@id\":\"https:\/\/crc.umontreal.ca\/#organization\",\"name\":\"%%sitedesc%%\",\"url\":\"https:\/\/crc.umontreal.ca\/\",\"logo\":{\"@type\":\"ImageObject\",\"inLanguage\":\"en-US\",\"@id\":\"https:\/\/crc.umontreal.ca\/#\/schema\/logo\/image\/\",\"url\":\"https:\/\/crc.umontreal.ca\/wp-content\/uploads\/2025\/10\/cropped-CRC_ACQUA.png\",\"contentUrl\":\"https:\/\/crc.umontreal.ca\/wp-content\/uploads\/2025\/10\/cropped-CRC_ACQUA.png\",\"width\":1099,\"height\":1099,\"caption\":\"%%sitedesc%%\"},\"image\":{\"@id\":\"https:\/\/crc.umontreal.ca\/#\/schema\/logo\/image\/\"}},{\"@type\":\"Person\",\"@id\":\"https:\/\/crc.umontreal.ca\/#\/schema\/person\/f1ae1716263dba7e536a62c7436080b7\",\"name\":\"admin\",\"image\":{\"@type\":\"ImageObject\",\"inLanguage\":\"en-US\",\"@id\":\"https:\/\/crc.umontreal.ca\/#\/schema\/person\/image\/\",\"url\":\"https:\/\/secure.gravatar.com\/avatar\/ce8229f75a9c750ac5837247221519ee?s=96&d=mm&r=g\",\"contentUrl\":\"https:\/\/secure.gravatar.com\/avatar\/ce8229f75a9c750ac5837247221519ee?s=96&d=mm&r=g\",\"caption\":\"admin\"},\"url\":\"https:\/\/crc.umontreal.ca\/en\/author\/admin\/\"}]}<\/script>\n<!-- \/ Yoast SEO plugin. -->","yoast_head_json":{"title":"How can we mobilize students, professionals and public authorities around the challenges of universal accessibility in public spaces? - CANADA RESEARCH CHAIR IN ARCHITECTURE, COMPETITIONS and QUALITY","robots":{"index":"index","follow":"follow","max-snippet":"max-snippet:-1","max-image-preview":"max-image-preview:large","max-video-preview":"max-video-preview:-1"},"canonical":"https:\/\/crc.umontreal.ca\/comment-mobiliser-les-etudiants-les-professionnels-et-la-commande-publique-aux-enjeux-de-laccessibilite-universelle-dans-les-espaces-et-lieux-publics\/","og_locale":"en_US","og_type":"article","og_title":"How can we mobilize students, professionals and public authorities around the challenges of universal accessibility in public spaces? - CANADA RESEARCH CHAIR IN ARCHITECTURE, COMPETITIONS and QUALITY","og_url":"https:\/\/crc.umontreal.ca\/comment-mobiliser-les-etudiants-les-professionnels-et-la-commande-publique-aux-enjeux-de-laccessibilite-universelle-dans-les-espaces-et-lieux-publics\/","og_site_name":"CANADA RESEARCH CHAIR IN ARCHITECTURE, COMPETITIONS and QUALITY","article_published_time":"2024-09-22T21:53:30+00:00","article_modified_time":"2024-09-22T21:58:50+00:00","author":"admin","twitter_card":"summary_large_image","twitter_misc":{"Written by":"admin","Est. reading time":"4 minutes"},"schema":{"@context":"https:\/\/schema.org","@graph":[{"@type":"Article","@id":"https:\/\/crc.umontreal.ca\/comment-mobiliser-les-etudiants-les-professionnels-et-la-commande-publique-aux-enjeux-de-laccessibilite-universelle-dans-les-espaces-et-lieux-publics\/#article","isPartOf":{"@id":"https:\/\/crc.umontreal.ca\/comment-mobiliser-les-etudiants-les-professionnels-et-la-commande-publique-aux-enjeux-de-laccessibilite-universelle-dans-les-espaces-et-lieux-publics\/"},"author":{"name":"admin","@id":"https:\/\/crc.umontreal.ca\/#\/schema\/person\/f1ae1716263dba7e536a62c7436080b7"},"headline":"How can we mobilize students, professionals and public authorities around the challenges of universal accessibility in public spaces?","datePublished":"2024-09-22T21:53:30+00:00","dateModified":"2024-09-22T21:58:50+00:00","mainEntityOfPage":{"@id":"https:\/\/crc.umontreal.ca\/comment-mobiliser-les-etudiants-les-professionnels-et-la-commande-publique-aux-enjeux-de-laccessibilite-universelle-dans-les-espaces-et-lieux-publics\/"},"wordCount":1710,"publisher":{"@id":"https:\/\/crc.umontreal.ca\/#organization"},"image":{"@id":"https:\/\/crc.umontreal.ca\/comment-mobiliser-les-etudiants-les-professionnels-et-la-commande-publique-aux-enjeux-de-laccessibilite-universelle-dans-les-espaces-et-lieux-publics\/#primaryimage"},"thumbnailUrl":"https:\/\/crc.umontreal.ca\/wp-content\/uploads\/2024\/09\/EJC2024-02-scaled.jpg","inLanguage":"en-US"},{"@type":"WebPage","@id":"https:\/\/crc.umontreal.ca\/comment-mobiliser-les-etudiants-les-professionnels-et-la-commande-publique-aux-enjeux-de-laccessibilite-universelle-dans-les-espaces-et-lieux-publics\/","url":"https:\/\/crc.umontreal.ca\/comment-mobiliser-les-etudiants-les-professionnels-et-la-commande-publique-aux-enjeux-de-laccessibilite-universelle-dans-les-espaces-et-lieux-publics\/","name":"How can we mobilize students, professionals and public authorities around the challenges of universal accessibility in public spaces? - CANADA RESEARCH CHAIR IN ARCHITECTURE, COMPETITIONS and QUALITY","isPartOf":{"@id":"https:\/\/crc.umontreal.ca\/#website"},"primaryImageOfPage":{"@id":"https:\/\/crc.umontreal.ca\/comment-mobiliser-les-etudiants-les-professionnels-et-la-commande-publique-aux-enjeux-de-laccessibilite-universelle-dans-les-espaces-et-lieux-publics\/#primaryimage"},"image":{"@id":"https:\/\/crc.umontreal.ca\/comment-mobiliser-les-etudiants-les-professionnels-et-la-commande-publique-aux-enjeux-de-laccessibilite-universelle-dans-les-espaces-et-lieux-publics\/#primaryimage"},"thumbnailUrl":"https:\/\/crc.umontreal.ca\/wp-content\/uploads\/2024\/09\/EJC2024-02-scaled.jpg","datePublished":"2024-09-22T21:53:30+00:00","dateModified":"2024-09-22T21:58:50+00:00","breadcrumb":{"@id":"https:\/\/crc.umontreal.ca\/comment-mobiliser-les-etudiants-les-professionnels-et-la-commande-publique-aux-enjeux-de-laccessibilite-universelle-dans-les-espaces-et-lieux-publics\/#breadcrumb"},"inLanguage":"en-US","potentialAction":[{"@type":"ReadAction","target":["https:\/\/crc.umontreal.ca\/comment-mobiliser-les-etudiants-les-professionnels-et-la-commande-publique-aux-enjeux-de-laccessibilite-universelle-dans-les-espaces-et-lieux-publics\/"]}]},{"@type":"ImageObject","inLanguage":"en-US","@id":"https:\/\/crc.umontreal.ca\/comment-mobiliser-les-etudiants-les-professionnels-et-la-commande-publique-aux-enjeux-de-laccessibilite-universelle-dans-les-espaces-et-lieux-publics\/#primaryimage","url":"https:\/\/crc.umontreal.ca\/wp-content\/uploads\/2024\/09\/EJC2024-02-scaled.jpg","contentUrl":"https:\/\/crc.umontreal.ca\/wp-content\/uploads\/2024\/09\/EJC2024-02-scaled.jpg","width":2560,"height":1440},{"@type":"BreadcrumbList","@id":"https:\/\/crc.umontreal.ca\/comment-mobiliser-les-etudiants-les-professionnels-et-la-commande-publique-aux-enjeux-de-laccessibilite-universelle-dans-les-espaces-et-lieux-publics\/#breadcrumb","itemListElement":[{"@type":"ListItem","position":1,"name":"Accueil","item":"https:\/\/crc.umontreal.ca\/"},{"@type":"ListItem","position":2,"name":"Comment mobiliser les \u00e9tudiants, les professionnels et la commande publique aux enjeux de l\u2019accessibilit\u00e9 universelle dans les espaces et lieux publics?"}]},{"@type":"WebSite","@id":"https:\/\/crc.umontreal.ca\/#website","url":"https:\/\/crc.umontreal.ca\/","name":"%%sitedesc%%","description":"&lt;span class=&quot;titre_entete_div&quot;&gt;Canada Research Chair in&lt;\/span&gt;&lt;br&gt;&lt;span class=&quot;titre_entete_div&quot;&gt;Architecture, Competitions and Quality (CRC-ACQUA)&lt;\/span&gt;","publisher":{"@id":"https:\/\/crc.umontreal.ca\/#organization"},"potentialAction":[{"@type":"SearchAction","target":{"@type":"EntryPoint","urlTemplate":"https:\/\/crc.umontreal.ca\/?s={search_term_string}"},"query-input":{"@type":"PropertyValueSpecification","valueRequired":true,"valueName":"search_term_string"}}],"inLanguage":"en-US"},{"@type":"Organization","@id":"https:\/\/crc.umontreal.ca\/#organization","name":"%%sitedesc%%","url":"https:\/\/crc.umontreal.ca\/","logo":{"@type":"ImageObject","inLanguage":"en-US","@id":"https:\/\/crc.umontreal.ca\/#\/schema\/logo\/image\/","url":"https:\/\/crc.umontreal.ca\/wp-content\/uploads\/2025\/10\/cropped-CRC_ACQUA.png","contentUrl":"https:\/\/crc.umontreal.ca\/wp-content\/uploads\/2025\/10\/cropped-CRC_ACQUA.png","width":1099,"height":1099,"caption":"%%sitedesc%%"},"image":{"@id":"https:\/\/crc.umontreal.ca\/#\/schema\/logo\/image\/"}},{"@type":"Person","@id":"https:\/\/crc.umontreal.ca\/#\/schema\/person\/f1ae1716263dba7e536a62c7436080b7","name":"admin","image":{"@type":"ImageObject","inLanguage":"en-US","@id":"https:\/\/crc.umontreal.ca\/#\/schema\/person\/image\/","url":"https:\/\/secure.gravatar.com\/avatar\/ce8229f75a9c750ac5837247221519ee?s=96&d=mm&r=g","contentUrl":"https:\/\/secure.gravatar.com\/avatar\/ce8229f75a9c750ac5837247221519ee?s=96&d=mm&r=g","caption":"admin"},"url":"https:\/\/crc.umontreal.ca\/en\/author\/admin\/"}]}},"_links":{"self":[{"href":"https:\/\/crc.umontreal.ca\/en\/wp-json\/wp\/v2\/posts\/26762","targetHints":{"allow":["GET"]}}],"collection":[{"href":"https:\/\/crc.umontreal.ca\/en\/wp-json\/wp\/v2\/posts"}],"about":[{"href":"https:\/\/crc.umontreal.ca\/en\/wp-json\/wp\/v2\/types\/post"}],"author":[{"embeddable":true,"href":"https:\/\/crc.umontreal.ca\/en\/wp-json\/wp\/v2\/users\/1"}],"replies":[{"embeddable":true,"href":"https:\/\/crc.umontreal.ca\/en\/wp-json\/wp\/v2\/comments?post=26762"}],"version-history":[{"count":14,"href":"https:\/\/crc.umontreal.ca\/en\/wp-json\/wp\/v2\/posts\/26762\/revisions"}],"predecessor-version":[{"id":26782,"href":"https:\/\/crc.umontreal.ca\/en\/wp-json\/wp\/v2\/posts\/26762\/revisions\/26782"}],"wp:featuredmedia":[{"embeddable":true,"href":"https:\/\/crc.umontreal.ca\/en\/wp-json\/wp\/v2\/media\/26769"}],"wp:attachment":[{"href":"https:\/\/crc.umontreal.ca\/en\/wp-json\/wp\/v2\/media?parent=26762"}],"wp:term":[{"taxonomy":"category","embeddable":true,"href":"https:\/\/crc.umontreal.ca\/en\/wp-json\/wp\/v2\/categories?post=26762"},{"taxonomy":"post_tag","embeddable":true,"href":"https:\/\/crc.umontreal.ca\/en\/wp-json\/wp\/v2\/tags?post=26762"}],"curies":[{"name":"wp","href":"https:\/\/api.w.org\/{rel}","templated":true}]}}